{"id":4921,"date":"2024-02-21T15:38:09","date_gmt":"2024-02-21T14:38:09","guid":{"rendered":"https:\/\/kultur-manga.fr\/?p=4921"},"modified":"2025-04-17T13:56:19","modified_gmt":"2025-04-17T11:56:19","slug":"un-premier-succes-pour-le-festival-kulturmanga","status":"publish","type":"post","link":"https:\/\/kultur-manga.fr\/?p=4921","title":{"rendered":"Un premier succ\u00e8s pour le Festival Kultur&rsquo;Manga !"},"content":{"rendered":"\t\t<div data-elementor-type=\"wp-post\" data-elementor-id=\"4921\" class=\"elementor elementor-4921\">\n\t\t\t\t\t\t<section class=\"elementor-section elementor-top-section elementor-element elementor-element-6661364d elementor-section-boxed elementor-section-height-default elementor-section-height-default\" data-id=\"6661364d\" data-element_type=\"section\">\n\t\t\t\t\t\t<div class=\"elementor-container elementor-column-gap-default\">\n\t\t\t\t\t<div class=\"elementor-column elementor-col-100 elementor-top-column elementor-element elementor-element-6f6a4860\" data-id=\"6f6a4860\" data-element_type=\"column\">\n\t\t\t<div class=\"elementor-widget-wrap elementor-element-populated\">\n\t\t\t\t\t\t<div class=\"elementor-element elementor-element-4627985b elementor-widget elementor-widget-text-editor\" data-id=\"4627985b\" data-element_type=\"widget\" data-widget_type=\"text-editor.default\">\n\t\t\t\t<div class=\"elementor-widget-container\">\n\t\t\t\t\t\t\t\t\t<p><\/p>\n<p>Nous sommes heureux de vous annoncer que la premi\u00e8re \u00e9dition du Festival Kultur&rsquo;Manga \u00e0 Dreux, qui s&rsquo;est d\u00e9roul\u00e9e du 27 au 29 mai 2023, a \u00e9t\u00e9 un succ\u00e8s ! Nous tenons \u00e0 exprimer notre reconnaissance envers tous ceux qui ont contribu\u00e9 \u00e0 faire de cet \u00e9v\u00e9nement un moment m\u00e9morable.<\/p>\n<p><\/p>\n<p><\/p>\n<p>Un sinc\u00e8re merci \u00e0 tous les festivaliers qui se sont d\u00e9plac\u00e9s en masse pour participer \u00e0 notre \u00e9v\u00e9nement !<\/p>\n<p><\/p>\n<p><\/p>\n<p><strong>Nous avons h\u00e2te de vous retrouver pour la deuxi\u00e8me \u00e9dition du Festival Kultur&rsquo;Manga, les 25 et 26 mai 2024 !<\/strong><\/p>\n<p><\/p>\t\t\t\t\t\t\t\t<\/div>\n\t\t\t\t<\/div>\n\t\t\t\t\t<\/div>\n\t\t<\/div>\n\t\t\t\t\t<\/div>\n\t\t<\/section>\n\t\t\t\t<section class=\"elementor-section elementor-top-section elementor-element elementor-element-cecd35d elementor-section-boxed elementor-section-height-default elementor-section-height-default\" data-id=\"cecd35d\" data-element_type=\"section\">\n\t\t\t\t\t\t<div class=\"elementor-container elementor-column-gap-default\">\n\t\t\t\t\t<div class=\"elementor-column elementor-col-100 elementor-top-column elementor-element elementor-element-cb6b71f\" data-id=\"cb6b71f\" data-element_type=\"column\">\n\t\t\t<div class=\"elementor-widget-wrap elementor-element-populated\">\n\t\t\t\t\t\t<div class=\"elementor-element elementor-element-c8f57cc elementor-widget__width-initial elementor-widget elementor-widget-image\" data-id=\"c8f57cc\" data-element_type=\"widget\" data-widget_type=\"image.default\">\n\t\t\t\t<div class=\"elementor-widget-container\">\n\t\t\t\t\t\t\t\t\t\t\t\t\t\t\t<img fetchpriority=\"high\" decoding=\"async\" width=\"300\" height=\"300\" src=\"https:\/\/kultur-manga.fr\/wp-content\/uploads\/2024\/01\/km-dreux-24.png\" class=\"attachment-medium size-medium wp-image-4812\" alt=\"\" srcset=\"https:\/\/kultur-manga.fr\/wp-content\/uploads\/2024\/01\/km-dreux-24.png 300w, https:\/\/kultur-manga.fr\/wp-content\/uploads\/2024\/01\/km-dreux-24-150x150.png 150w\" sizes=\"(max-width: 300px) 100vw, 300px\" \/>\t\t\t\t\t\t\t\t\t\t\t\t\t\t\t<\/div>\n\t\t\t\t<\/div>\n\t\t\t\t\t<\/div>\n\t\t<\/div>\n\t\t\t\t\t<\/div>\n\t\t<\/section>\n\t\t\t\t<\/div>\n\t\t","protected":false},"excerpt":{"rendered":"<p>Nous sommes heureux de vous annoncer que la premi\u00e8re \u00e9dition du Festival Kultur&rsquo;Manga \u00e0 Dreux, qui s&rsquo;est d\u00e9roul\u00e9e du 27 au 29 mai 2023, a \u00e9t\u00e9 un succ\u00e8s ! Nous<\/p>\n","protected":false},"author":2,"featured_media":4101,"comment_status":"closed","ping_status":"open","sticky":false,"template":"","format":"standard","meta":{"inline_featured_image":false,"footnotes":""},"categories":[29],"tags":[34,47,37,32,38],"class_list":["post-4921","post","type-post","status-publish","format-standard","has-post-thumbnail","hentry","category-actu-festival","tag-cosplay","tag-costume","tag-culture","tag-dreux","tag-japon"],"_links":{"self":[{"href":"https:\/\/kultur-manga.fr\/index.php?rest_route=\/wp\/v2\/posts\/4921","targetHints":{"allow":["GET"]}}],"collection":[{"href":"https:\/\/kultur-manga.fr\/index.php?rest_route=\/wp\/v2\/posts"}],"about":[{"href":"https:\/\/kultur-manga.fr\/index.php?rest_route=\/wp\/v2\/types\/post"}],"author":[{"embeddable":true,"href":"https:\/\/kultur-manga.fr\/index.php?rest_route=\/wp\/v2\/users\/2"}],"replies":[{"embeddable":true,"href":"https:\/\/kultur-manga.fr\/index.php?rest_route=%2Fwp%2Fv2%2Fcomments&post=4921"}],"version-history":[{"count":15,"href":"https:\/\/kultur-manga.fr\/index.php?rest_route=\/wp\/v2\/posts\/4921\/revisions"}],"predecessor-version":[{"id":4958,"href":"https:\/\/kultur-manga.fr\/index.php?rest_route=\/wp\/v2\/posts\/4921\/revisions\/4958"}],"wp:featuredmedia":[{"embeddable":true,"href":"https:\/\/kultur-manga.fr\/index.php?rest_route=\/wp\/v2\/media\/4101"}],"wp:attachment":[{"href":"https:\/\/kultur-manga.fr\/index.php?rest_route=%2Fwp%2Fv2%2Fmedia&parent=4921"}],"wp:term":[{"taxonomy":"category","embeddable":true,"href":"https:\/\/kultur-manga.fr\/index.php?rest_route=%2Fwp%2Fv2%2Fcategories&post=4921"},{"taxonomy":"post_tag","embeddable":true,"href":"https:\/\/kultur-manga.fr\/index.php?rest_route=%2Fwp%2Fv2%2Ftags&post=4921"}],"curies":[{"name":"wp","href":"https:\/\/api.w.org\/{rel}","templated":true}]}}